{"id":10174,"date":"2026-01-11T22:59:59","date_gmt":"2026-01-11T21:59:59","guid":{"rendered":"https:\/\/agricolagymnasium.de\/?p=10174"},"modified":"2026-01-11T23:00:00","modified_gmt":"2026-01-11T22:00:00","slug":"neuer-medienproduktionsraum-eroeffnet-ein-meilenstein-fuer-unseren-maker-space","status":"publish","type":"post","link":"https:\/\/agricolagymnasium.de\/?p=10174","title":{"rendered":"Neuer Medienproduktionsraum er\u00f6ffnet \u2013 Ein Meilenstein f\u00fcr unseren Maker Space"},"content":{"rendered":"\n<p>Am\u00a008. Januar\u00a0wurde am Agricolagymnasium ein neuer\u00a0Medienproduktionsraum\u00a0als Teil unseres wachsenden\u00a0Maker Spaces\u00a0er\u00f6ffnet. Dieser Raum ist ein wichtiger Schritt in der Weiterentwicklung unseres Digitalisierungstraktes und bietet professionelle M\u00f6glichkeiten f\u00fcr\u00a0Video- und Audiobearbeitung. Ausgestattet ist er mit\u00a0sechs iMacs, leistungsstarker Produktions- und Schnittsoftware sowie hochwertigen\u00a0Kameras und Objektiven\u00a0\u2013 alles, was f\u00fcr kreative Medienprojekte ben\u00f6tigt wird.<\/p>\n\n\n\n<p>Aktuell wird der Raum von der\u00a0IDAG\u00a0genutzt \u2013 unserer\u00a0AG f\u00fcr Video- und Musikproduktion, die jeden Donnerstag stattfindet. Die Mitglieder dieser AG sind echte\u00a0Pioniere, die die neuen M\u00f6glichkeiten als Erste aussch\u00f6pfen und damit den Grundstein f\u00fcr die zuk\u00fcnftige Nutzung legen.<\/p>\n\n\n\n<p>Perspektivisch<strong>\u00a0<\/strong>soll der Medienproduktionsraum nicht nur f\u00fcr den Profilzweig \u201eInnovation Campus \u2013 Kreativit\u00e4t, Medienproduktion und Praxis\u201c zur Verf\u00fcgung stehen, sondern auch f\u00fcr die gesamte Schullandschaft. Geplant ist zudem eine Kooperation mit der\u00a0Sekundarschule Drei T\u00fcrme, die den Raum k\u00fcnftig ebenfalls nutzen wird.<\/p>\n\n\n\n<p>Mit dieser Erweiterung schaffen wir einen Ort, an dem Ideen Wirklichkeit werden \u2013 ein zentraler Baustein f\u00fcr unseren zuk\u00fcnftigen Maker Space.<\/p>\n\n\n\n<p>Ein gro\u00dfer Dank geht an das Deutsche Kinderhilfswerk und die genannten Kooperationspartner sowie an den F\u00f6rderverein der Sekundarschule f\u00fcr die Unterst\u00fctzung in der Abrechnung und Umsetzung.<\/p>\n\n\n\n<p><strong>Gef\u00f6rdert durch die Initiative ZUKUNFT MITGEMACHT, einer Gemeinschaftsaktion des Deutschen Kinderhilfswerkes, ROSSMANN und Procter &amp; Gamble<\/strong><\/p>\n\n\n\n<figure class=\"wp-block-image size-large\"><img fetchpriority=\"high\" decoding=\"async\" width=\"1024\" height=\"333\" src=\"https:\/\/agricolagymnasium.de\/wp-content\/uploads\/2026\/01\/Logo_Zukunft_mitgemacht-1024x333.png\" alt=\"\" class=\"wp-image-10179\" srcset=\"https:\/\/agricolagymnasium.de\/wp-content\/uploads\/2026\/01\/Logo_Zukunft_mitgemacht-1024x333.png 1024w, https:\/\/agricolagymnasium.de\/wp-content\/uploads\/2026\/01\/Logo_Zukunft_mitgemacht-300x98.png 300w, https:\/\/agricolagymnasium.de\/wp-content\/uploads\/2026\/01\/Logo_Zukunft_mitgemacht-768x250.png 768w, https:\/\/agricolagymnasium.de\/wp-content\/uploads\/2026\/01\/Logo_Zukunft_mitgemacht-1536x500.png 1536w, https:\/\/agricolagymnasium.de\/wp-content\/uploads\/2026\/01\/Logo_Zukunft_mitgemacht-2048x666.png 2048w, https:\/\/agricolagymnasium.de\/wp-content\/uploads\/2026\/01\/Logo_Zukunft_mitgemacht-1320x429.png 1320w\" sizes=\"(max-width: 1024px) 100vw, 1024px\" \/><\/figure>\n\n\n\n<figure class=\"wp-block-gallery has-nested-images columns-default is-cropped wp-block-gallery-1 is-layout-flex wp-block-gallery-is-layout-flex\">\n<figure class=\"wp-block-image size-large\"><img decoding=\"async\" width=\"1024\" height=\"576\" data-id=\"10178\" src=\"https:\/\/agricolagymnasium.de\/wp-content\/uploads\/2026\/01\/IMG_5184-1024x576.jpeg\" alt=\"\" class=\"wp-image-10178\" srcset=\"https:\/\/agricolagymnasium.de\/wp-content\/uploads\/2026\/01\/IMG_5184-1024x576.jpeg 1024w, https:\/\/agricolagymnasium.de\/wp-content\/uploads\/2026\/01\/IMG_5184-300x169.jpeg 300w, https:\/\/agricolagymnasium.de\/wp-content\/uploads\/2026\/01\/IMG_5184-768x432.jpeg 768w, https:\/\/agricolagymnasium.de\/wp-content\/uploads\/2026\/01\/IMG_5184-1536x864.jpeg 1536w, https:\/\/agricolagymnasium.de\/wp-content\/uploads\/2026\/01\/IMG_5184-2048x1152.jpeg 2048w, https:\/\/agricolagymnasium.de\/wp-content\/uploads\/2026\/01\/IMG_5184-1320x743.jpeg 1320w\" sizes=\"(max-width: 1024px) 100vw, 1024px\" \/><\/figure>\n\n\n\n<figure class=\"wp-block-image size-large\"><img decoding=\"async\" width=\"1024\" height=\"576\" data-id=\"10177\" src=\"https:\/\/agricolagymnasium.de\/wp-content\/uploads\/2026\/01\/IMG_5183-1024x576.jpeg\" alt=\"\" class=\"wp-image-10177\" srcset=\"https:\/\/agricolagymnasium.de\/wp-content\/uploads\/2026\/01\/IMG_5183-1024x576.jpeg 1024w, https:\/\/agricolagymnasium.de\/wp-content\/uploads\/2026\/01\/IMG_5183-300x169.jpeg 300w, https:\/\/agricolagymnasium.de\/wp-content\/uploads\/2026\/01\/IMG_5183-768x432.jpeg 768w, https:\/\/agricolagymnasium.de\/wp-content\/uploads\/2026\/01\/IMG_5183-1536x864.jpeg 1536w, https:\/\/agricolagymnasium.de\/wp-content\/uploads\/2026\/01\/IMG_5183-2048x1152.jpeg 2048w, https:\/\/agricolagymnasium.de\/wp-content\/uploads\/2026\/01\/IMG_5183-1320x743.jpeg 1320w\" sizes=\"(max-width: 1024px) 100vw, 1024px\" \/><\/figure>\n\n\n\n<figure class=\"wp-block-image size-large\"><img loading=\"lazy\" decoding=\"async\" width=\"1024\" height=\"896\" data-id=\"10176\" src=\"https:\/\/agricolagymnasium.de\/wp-content\/uploads\/2026\/01\/61850B28-2AC1-4C03-B73C-AD73D9D97864-1024x896.jpeg\" alt=\"\" class=\"wp-image-10176\" srcset=\"https:\/\/agricolagymnasium.de\/wp-content\/uploads\/2026\/01\/61850B28-2AC1-4C03-B73C-AD73D9D97864-1024x896.jpeg 1024w, https:\/\/agricolagymnasium.de\/wp-content\/uploads\/2026\/01\/61850B28-2AC1-4C03-B73C-AD73D9D97864-300x262.jpeg 300w, https:\/\/agricolagymnasium.de\/wp-content\/uploads\/2026\/01\/61850B28-2AC1-4C03-B73C-AD73D9D97864-768x672.jpeg 768w, https:\/\/agricolagymnasium.de\/wp-content\/uploads\/2026\/01\/61850B28-2AC1-4C03-B73C-AD73D9D97864-1536x1343.jpeg 1536w, https:\/\/agricolagymnasium.de\/wp-content\/uploads\/2026\/01\/61850B28-2AC1-4C03-B73C-AD73D9D97864-2048x1791.jpeg 2048w, https:\/\/agricolagymnasium.de\/wp-content\/uploads\/2026\/01\/61850B28-2AC1-4C03-B73C-AD73D9D97864-1320x1155.jpeg 1320w\" sizes=\"(max-width: 1024px) 100vw, 1024px\" \/><\/figure>\n\n\n\n<figure class=\"wp-block-image size-large\"><img loading=\"lazy\" decoding=\"async\" width=\"1024\" height=\"576\" data-id=\"10175\" src=\"https:\/\/agricolagymnasium.de\/wp-content\/uploads\/2026\/01\/7147CFB0-71D4-45FB-9CC9-D2015F07EE7C-1024x576.jpeg\" alt=\"\" class=\"wp-image-10175\" srcset=\"https:\/\/agricolagymnasium.de\/wp-content\/uploads\/2026\/01\/7147CFB0-71D4-45FB-9CC9-D2015F07EE7C-1024x576.jpeg 1024w, https:\/\/agricolagymnasium.de\/wp-content\/uploads\/2026\/01\/7147CFB0-71D4-45FB-9CC9-D2015F07EE7C-300x169.jpeg 300w, https:\/\/agricolagymnasium.de\/wp-content\/uploads\/2026\/01\/7147CFB0-71D4-45FB-9CC9-D2015F07EE7C-768x432.jpeg 768w, https:\/\/agricolagymnasium.de\/wp-content\/uploads\/2026\/01\/7147CFB0-71D4-45FB-9CC9-D2015F07EE7C-1536x864.jpeg 1536w, https:\/\/agricolagymnasium.de\/wp-content\/uploads\/2026\/01\/7147CFB0-71D4-45FB-9CC9-D2015F07EE7C-2048x1152.jpeg 2048w, https:\/\/agricolagymnasium.de\/wp-content\/uploads\/2026\/01\/7147CFB0-71D4-45FB-9CC9-D2015F07EE7C-1320x743.jpeg 1320w\" sizes=\"(max-width: 1024px) 100vw, 1024px\" \/><\/figure>\n<\/figure>\n","protected":false},"excerpt":{"rendered":"<p>Am\u00a008. Januar\u00a0wurde am Agricolagymnasium ein neuer\u00a0Medienproduktionsraum\u00a0als Teil unseres wachsenden\u00a0Maker Spaces\u00a0er\u00f6ffnet. Dieser Raum ist ein wichtiger Schritt in der Weiterentwicklung unseres Digitalisierungstraktes und bietet professionelle M\u00f6glichkeiten f\u00fcr\u00a0Video- und Audiobearbeitung. Ausgestattet ist er mit\u00a0sechs iMacs, leistungsstarker Produktions- und Schnittsoftware sowie hochwertigen\u00a0Kameras und Objektiven\u00a0\u2013 alles, was f\u00fcr kreative Medienprojekte ben\u00f6tigt wird. Aktuell wird der Raum von der\u00a0IDAG\u00a0genutzt \u2013 [&hellip;]<\/p>\n","protected":false},"author":30,"featured_media":10176,"comment_status":"closed","ping_status":"closed","sticky":false,"template":"","format":"standard","meta":{"_price":"","_stock":"","_tribe_ticket_header":"","_tribe_default_ticket_provider":"","_tribe_ticket_capacity":"","_ticket_start_date":"","_ticket_end_date":"","_tribe_ticket_show_description":"","_tribe_ticket_show_not_going":false,"_tribe_ticket_use_global_stock":"","_tribe_ticket_global_stock_level":"","_global_stock_mode":"","_global_stock_cap":"","_tribe_rsvp_for_event":"","_tribe_ticket_going_count":"","_tribe_ticket_not_going_count":"","_tribe_tickets_list":"[]","_tribe_ticket_has_attendee_info_fields":false,"footnotes":""},"categories":[4],"tags":[],"class_list":["post-10174","post","type-post","status-publish","format-standard","has-post-thumbnail","hentry","category-neuigkeiten"],"_links":{"self":[{"href":"https:\/\/agricolagymnasium.de\/index.php?rest_route=\/wp\/v2\/posts\/10174","targetHints":{"allow":["GET"]}}],"collection":[{"href":"https:\/\/agricolagymnasium.de\/index.php?rest_route=\/wp\/v2\/posts"}],"about":[{"href":"https:\/\/agricolagymnasium.de\/index.php?rest_route=\/wp\/v2\/types\/post"}],"author":[{"embeddable":true,"href":"https:\/\/agricolagymnasium.de\/index.php?rest_route=\/wp\/v2\/users\/30"}],"replies":[{"embeddable":true,"href":"https:\/\/agricolagymnasium.de\/index.php?rest_route=%2Fwp%2Fv2%2Fcomments&post=10174"}],"version-history":[{"count":1,"href":"https:\/\/agricolagymnasium.de\/index.php?rest_route=\/wp\/v2\/posts\/10174\/revisions"}],"predecessor-version":[{"id":10180,"href":"https:\/\/agricolagymnasium.de\/index.php?rest_route=\/wp\/v2\/posts\/10174\/revisions\/10180"}],"wp:featuredmedia":[{"embeddable":true,"href":"https:\/\/agricolagymnasium.de\/index.php?rest_route=\/wp\/v2\/media\/10176"}],"wp:attachment":[{"href":"https:\/\/agricolagymnasium.de\/index.php?rest_route=%2Fwp%2Fv2%2Fmedia&parent=10174"}],"wp:term":[{"taxonomy":"category","embeddable":true,"href":"https:\/\/agricolagymnasium.de\/index.php?rest_route=%2Fwp%2Fv2%2Fcategories&post=10174"},{"taxonomy":"post_tag","embeddable":true,"href":"https:\/\/agricolagymnasium.de\/index.php?rest_route=%2Fwp%2Fv2%2Ftags&post=10174"}],"curies":[{"name":"wp","href":"https:\/\/api.w.org\/{rel}","templated":true}]}}