{"id":10423,"date":"2026-03-12T15:31:13","date_gmt":"2026-03-12T14:31:13","guid":{"rendered":"https:\/\/agricolagymnasium.de\/?p=10423"},"modified":"2026-03-12T15:44:23","modified_gmt":"2026-03-12T14:44:23","slug":"tolle-erlebnisse-der-klassen-5a-und-5b-in-halle-an-der-saale","status":"publish","type":"post","link":"https:\/\/agricolagymnasium.de\/?p=10423","title":{"rendered":"Tolle Erlebnisse der Klassen 5a und 5b in Halle an der Saale\u00a0"},"content":{"rendered":"\t\t<div data-elementor-type=\"wp-post\" data-elementor-id=\"10423\" class=\"elementor elementor-10423\" data-elementor-settings=\"{&quot;ha_cmc_init_switcher&quot;:&quot;no&quot;}\" data-elementor-post-type=\"post\">\n\t\t\t\t\t\t<section class=\"elementor-section elementor-top-section elementor-element elementor-element-9ebbc3b elementor-section-boxed elementor-section-height-default elementor-section-height-default\" data-id=\"9ebbc3b\" data-element_type=\"section\" data-e-type=\"section\" data-settings=\"{&quot;_ha_eqh_enable&quot;:false}\">\n\t\t\t\t\t\t<div class=\"elementor-container elementor-column-gap-default\">\n\t\t\t\t\t<div class=\"elementor-column elementor-col-100 elementor-top-column elementor-element elementor-element-675c3ac0\" data-id=\"675c3ac0\" data-element_type=\"column\" data-e-type=\"column\">\n\t\t\t<div class=\"elementor-widget-wrap elementor-element-populated\">\n\t\t\t\t\t\t<div class=\"elementor-element elementor-element-6a44bea8 elementor-widget elementor-widget-text-editor\" data-id=\"6a44bea8\" data-element_type=\"widget\" data-e-type=\"widget\" data-widget_type=\"text-editor.default\">\n\t\t\t\t<div class=\"elementor-widget-container\">\n\t\t\t\t\t\t\t\t\t\n<p>Mit dem Zug von Wei\u00dfenfels nach Halle!&nbsp;&nbsp;Auf&nbsp;dieser&nbsp;Klassenfahrt&nbsp;haben wir viel erlebt, miteinander gelacht&nbsp;und die Stadt&nbsp;an der Saale&nbsp;besser kennengelernt.&nbsp;<\/p>\n\n\n\n<p>W\u00e4hrend unserer F\u00fchrung durch Halle&nbsp;haben wir viel \u00fcber die Geschichte der Stadt&nbsp;erfahren, z.B. dass Halle bereits zum ersten Mal 806 urkundlich Erw\u00e4hnung fand und dass sie heute auch den Namen \u201eStadt der f\u00fcnf T\u00fcrme\u201c tr\u00e4gt.&nbsp;<\/p>\n\n\n\n<p>Gleicherma\u00dfen&nbsp;interessant war auch&nbsp;der Besuch des&nbsp;Landesmuseums&nbsp;f\u00fcr Vorgeschichte. Dort&nbsp;konnten wir unser bereits bestehendes Wissen \u00fcber die Lebensweise und die Besonderheiten der&nbsp;Menschen in der Altsteinzeit&nbsp;vertiefen.&nbsp;&nbsp;Besonders beeindruckend waren die alten Werkzeuge und Funde aus fr\u00fcheren Zeiten, ebenso die Herausforderung,&nbsp;aus Muscheln Schmuck herzustellen. Wir haben dies aber mit Bravour gemeistert!&nbsp;<\/p>\n\n\n\n<p>Als&nbsp;Abwechslung zu den geschichtlichen Erlebnissen durften sportliche&nbsp;Aktivit\u00e4ten nicht fehlen. Der gemeinsame Bowlingabend hat&nbsp;uns&nbsp;nicht nur Spa\u00df bereitet, wir konnten uns dabei ebenfalls noch besser kennenlernen.&nbsp;<\/p>\n\n\n\n<p>Ein besonderes Highlight, vor allem f\u00fcr die 5b,&nbsp;war das Beatles Museum Halle. Dort haben wir viel \u00fcber die ber\u00fchmte Band&nbsp;\u201eThe Beatles\u201c&nbsp;innerhalb einer Rallye durch die sich \u00fcber drei Stockwerke erstreckte Privatsammlung zahlreicher&nbsp;alter&nbsp;Fotos, Schallplatten und vieler&nbsp;Erinnerungsst\u00fccke&nbsp;erfahren.&nbsp;Es war spannend zu sehen, warum die Band bis heute so bekannt ist.&nbsp;<\/p>\n\n\n\n<p>Georg Friedrich H\u00e4ndel&nbsp;war bis zur Klassenfahrt so gut wie niemandem von uns bekannt. Kati, die Museumsp\u00e4dagogin, hat uns diesen weltber\u00fchmten Komponisten aber mit Witz und vielen spannenden Anekdoten n\u00e4hergebracht. Er war der \u201eRockstar des Barock\u201c, und ist heute noch brandaktuell.&nbsp;&nbsp;<\/p>\n\n\n\n<p>Auch das Halloren Schokoladenmuseum hat uns gut gefallen. Dort haben wir gesehen, wie Schokolade&nbsp;fr\u00fcher und heute hergestellt wurde bzw.&nbsp;wird, und durften sogar&nbsp;einige K\u00f6stlichkeiten probieren.&nbsp;<\/p>\n\n\n\n<p>Ein weiterer Programmpunkt&nbsp;war der Besuch&nbsp;des&nbsp;Bergzoos&nbsp;Halle.&nbsp;Die Vielfalt der Tiere hat uns beeindruckt, besonders die F\u00fctterung der Pinguine&nbsp;und die&nbsp;Totenkopf\u00e4ffchen, die nahezu auf unseren K\u00f6pfen herumspazierten.&nbsp;Aber ein bisschen Wehmut \u00fcber das recht beengte Gehege der Gro\u00dfkatzen bleibt ebenfalls in Erinnerung.&nbsp;&nbsp;<\/p>\n\n\n\n<p>Zum Abschluss&nbsp;einer sch\u00f6nen Klassenfahrt&nbsp;waren wir im&nbsp;Erlebnisbad&nbsp;Maya&nbsp;Mare und&nbsp;hatten&nbsp;dort gemeinsam Spa\u00df.&nbsp;<\/p>\n\n\n\n<p>Unser Fazit: Es war eine&nbsp;tolle&nbsp;Klassenfahrt mit vielen verschiedenen Erlebnissen, die unseren Zusammenhalt und das Gemeinschaftsgef\u00fchl positiv gef\u00f6rdert hat.&nbsp;<\/p>\n\n\n\n<p>M.B. und P.E. (Klasse 5b)&nbsp;<\/p>\n\n\n\n<figure class=\"wp-block-gallery has-nested-images columns-default is-cropped wp-block-gallery-2 is-layout-flex wp-block-gallery-is-layout-flex\">\n<figure class=\"wp-block-image size-large\"><img fetchpriority=\"high\" decoding=\"async\" width=\"828\" height=\"599\" data-id=\"10427\" src=\"https:\/\/agricolagymnasium.de\/wp-content\/uploads\/2026\/03\/Klassenfahrt-4.jpg\" alt=\"\" class=\"wp-image-10427\" srcset=\"https:\/\/agricolagymnasium.de\/wp-content\/uploads\/2026\/03\/Klassenfahrt-4.jpg 828w, https:\/\/agricolagymnasium.de\/wp-content\/uploads\/2026\/03\/Klassenfahrt-4-300x217.jpg 300w, https:\/\/agricolagymnasium.de\/wp-content\/uploads\/2026\/03\/Klassenfahrt-4-768x556.jpg 768w\" sizes=\"(max-width: 828px) 100vw, 828px\" \/><\/figure>\n\n\n\n<figure class=\"wp-block-image size-large\"><img decoding=\"async\" width=\"828\" height=\"608\" data-id=\"10426\" src=\"https:\/\/agricolagymnasium.de\/wp-content\/uploads\/2026\/03\/Klassenfahrt-3.jpg\" alt=\"\" class=\"wp-image-10426\" srcset=\"https:\/\/agricolagymnasium.de\/wp-content\/uploads\/2026\/03\/Klassenfahrt-3.jpg 828w, https:\/\/agricolagymnasium.de\/wp-content\/uploads\/2026\/03\/Klassenfahrt-3-300x220.jpg 300w, https:\/\/agricolagymnasium.de\/wp-content\/uploads\/2026\/03\/Klassenfahrt-3-768x564.jpg 768w\" sizes=\"(max-width: 828px) 100vw, 828px\" \/><\/figure>\n\n\n\n<figure class=\"wp-block-image size-large\"><img decoding=\"async\" width=\"792\" height=\"1024\" data-id=\"10428\" src=\"https:\/\/agricolagymnasium.de\/wp-content\/uploads\/2026\/03\/Klassenfahrt-2-1.jpg\" alt=\"\" class=\"wp-image-10428\" srcset=\"https:\/\/agricolagymnasium.de\/wp-content\/uploads\/2026\/03\/Klassenfahrt-2-1.jpg 792w, https:\/\/agricolagymnasium.de\/wp-content\/uploads\/2026\/03\/Klassenfahrt-2-1-232x300.jpg 232w, https:\/\/agricolagymnasium.de\/wp-content\/uploads\/2026\/03\/Klassenfahrt-2-1-768x993.jpg 768w\" sizes=\"(max-width: 792px) 100vw, 792px\" \/><\/figure>\n\n\n\n<figure class=\"wp-block-image size-large\"><img loading=\"lazy\" decoding=\"async\" width=\"828\" height=\"835\" data-id=\"10429\" src=\"https:\/\/agricolagymnasium.de\/wp-content\/uploads\/2026\/03\/Klassenfahrt-1.jpg\" alt=\"\" class=\"wp-image-10429\" srcset=\"https:\/\/agricolagymnasium.de\/wp-content\/uploads\/2026\/03\/Klassenfahrt-1.jpg 828w, https:\/\/agricolagymnasium.de\/wp-content\/uploads\/2026\/03\/Klassenfahrt-1-297x300.jpg 297w, https:\/\/agricolagymnasium.de\/wp-content\/uploads\/2026\/03\/Klassenfahrt-1-150x150.jpg 150w, https:\/\/agricolagymnasium.de\/wp-content\/uploads\/2026\/03\/Klassenfahrt-1-768x774.jpg 768w\" sizes=\"(max-width: 828px) 100vw, 828px\" \/><\/figure>\n<\/figure>\n\n\n\n<p><\/p>\n\t\t\t\t\t\t\t\t<\/div>\n\t\t\t\t<\/div>\n\t\t\t\t\t<\/div>\n\t\t<\/div>\n\t\t\t\t\t<\/div>\n\t\t<\/section>\n\t\t\t\t<\/div>\n\t\t","protected":false},"excerpt":{"rendered":"<p>Mit dem Zug von Wei\u00dfenfels nach Halle!&nbsp;&nbsp;Auf&nbsp;dieser&nbsp;Klassenfahrt&nbsp;haben wir viel erlebt, miteinander gelacht&nbsp;und die Stadt&nbsp;an der Saale&nbsp;besser kennengelernt.&nbsp; W\u00e4hrend unserer F\u00fchrung durch Halle&nbsp;haben wir viel \u00fcber die Geschichte der Stadt&nbsp;erfahren, z.B. dass Halle bereits zum ersten Mal 806 urkundlich Erw\u00e4hnung fand und dass sie heute auch den Namen \u201eStadt der f\u00fcnf T\u00fcrme\u201c tr\u00e4gt.&nbsp; Gleicherma\u00dfen&nbsp;interessant war auch&nbsp;der [&hellip;]<\/p>\n","protected":false},"author":48,"featured_media":0,"comment_status":"closed","ping_status":"closed","sticky":false,"template":"","format":"standard","meta":{"_price":"","_stock":"","_tribe_ticket_header":"","_tribe_default_ticket_provider":"","_tribe_ticket_capacity":"","_ticket_start_date":"","_ticket_end_date":"","_tribe_ticket_show_description":"","_tribe_ticket_show_not_going":false,"_tribe_ticket_use_global_stock":"","_tribe_ticket_global_stock_level":"","_global_stock_mode":"","_global_stock_cap":"","_tribe_rsvp_for_event":"","_tribe_ticket_going_count":"","_tribe_ticket_not_going_count":"","_tribe_tickets_list":"[]","_tribe_ticket_has_attendee_info_fields":false,"footnotes":""},"categories":[4],"tags":[],"class_list":["post-10423","post","type-post","status-publish","format-standard","hentry","category-neuigkeiten"],"_links":{"self":[{"href":"https:\/\/agricolagymnasium.de\/index.php?rest_route=\/wp\/v2\/posts\/10423","targetHints":{"allow":["GET"]}}],"collection":[{"href":"https:\/\/agricolagymnasium.de\/index.php?rest_route=\/wp\/v2\/posts"}],"about":[{"href":"https:\/\/agricolagymnasium.de\/index.php?rest_route=\/wp\/v2\/types\/post"}],"author":[{"embeddable":true,"href":"https:\/\/agricolagymnasium.de\/index.php?rest_route=\/wp\/v2\/users\/48"}],"replies":[{"embeddable":true,"href":"https:\/\/agricolagymnasium.de\/index.php?rest_route=%2Fwp%2Fv2%2Fcomments&post=10423"}],"version-history":[{"count":4,"href":"https:\/\/agricolagymnasium.de\/index.php?rest_route=\/wp\/v2\/posts\/10423\/revisions"}],"predecessor-version":[{"id":10434,"href":"https:\/\/agricolagymnasium.de\/index.php?rest_route=\/wp\/v2\/posts\/10423\/revisions\/10434"}],"wp:attachment":[{"href":"https:\/\/agricolagymnasium.de\/index.php?rest_route=%2Fwp%2Fv2%2Fmedia&parent=10423"}],"wp:term":[{"taxonomy":"category","embeddable":true,"href":"https:\/\/agricolagymnasium.de\/index.php?rest_route=%2Fwp%2Fv2%2Fcategories&post=10423"},{"taxonomy":"post_tag","embeddable":true,"href":"https:\/\/agricolagymnasium.de\/index.php?rest_route=%2Fwp%2Fv2%2Ftags&post=10423"}],"curies":[{"name":"wp","href":"https:\/\/api.w.org\/{rel}","templated":true}]}}