{"id":10442,"date":"2026-03-16T08:44:11","date_gmt":"2026-03-16T07:44:11","guid":{"rendered":"https:\/\/agricolagymnasium.de\/?p=10442"},"modified":"2026-03-16T08:44:12","modified_gmt":"2026-03-16T07:44:12","slug":"das-schulhaus-rockt","status":"publish","type":"post","link":"https:\/\/agricolagymnasium.de\/?p=10442","title":{"rendered":"Das Schulhaus rockt"},"content":{"rendered":"\n<p>Am Wochenende vom 13. auf den 14. M\u00e4rz 2026 fand unsere diesj\u00e4hrige Bandnacht statt und sie war einfach nur genial!<\/p>\n\n\n\n<p>Alles begann am Freitag, den 13. M\u00e4rz, gegen 16 Uhr. Wir haben uns nach dem Unterricht getroffen; die Instrumente haben wir den Tag davor schon aufgebaut (Der Sound war genial). Danach ging es auch schon richtig los. Wir haben fast alle unsere St\u00fccke und auch die neuen Songs gespielt. Die Stimmung war von Anfang an super. Jeder hatte richtig Lust, es wurde viel gelacht, ab und zu mal was ausprobiert, was schiefging und genau das macht ja den Spa\u00df aus.<\/p>\n\n\n\n<p>Irgendwann am Abend hatten wir riesigen Hunger und haben uns 3 gro\u00dfe Pizzen bestellt, welche richtig gut geschmeckt haben. Danach haben wir die Instrumente kurz beiseitegelegt und ein paar lustige Spiele gespielt. So sind wir gem\u00fctlich in den Abend reingerutscht und haben den Tag richtig sch\u00f6n ausklingen lassen.<\/p>\n\n\n\n<p>Am Samstagmorgen sind wir alle ziemlich kaputt und fr\u00fch aufgestanden. Es hat sich aber gelohnt, denn dann haben wir zusammen gefr\u00fchst\u00fcckt. Gest\u00e4rkt ging es dann direkt weiter mit der Probe. Bis etwa 11 Uhr haben wir nochmal richtig Gas gegeben, ein paar Stellen poliert, neue Ideen ausprobiert und einfach weiter Musik gemacht.<\/p>\n\n\n\n<p>Insgesamt war es ein mega Wochenende voller Musik, Lachen, guter Laune und Zusammenhalt. Wir haben nicht nur viel geprobt, sondern vor allem auch gemerkt, wie viel Spa\u00df es macht, so lange Zeit zusammen zu verbringen und Musik zu machen. Solche Bandn\u00e4chte sind einfach Gold wert, sie bringen uns als Band noch enger zusammen und motivieren uns total f\u00fcr die n\u00e4chsten Auftritte.<\/p>\n\n\n\n<p>Ein riesiges Dankesch\u00f6n an alle, die dabei waren, an die Lehrer die das organisiert haben und nat\u00fcrlich auch an die Schule, die uns den Raum und die M\u00f6glichkeit gegeben hat!<\/p>\n\n\n\n<p>Pepe G.<\/p>\n\n\n\n<figure class=\"wp-block-gallery has-nested-images columns-default is-cropped wp-block-gallery-1 is-layout-flex wp-block-gallery-is-layout-flex\">\n<figure class=\"wp-block-image size-large\"><img fetchpriority=\"high\" decoding=\"async\" width=\"1024\" height=\"768\" data-id=\"10448\" src=\"https:\/\/agricolagymnasium.de\/wp-content\/uploads\/2026\/03\/Image-10-1024x768.jpg\" alt=\"\" class=\"wp-image-10448\" srcset=\"https:\/\/agricolagymnasium.de\/wp-content\/uploads\/2026\/03\/Image-10-1024x768.jpg 1024w, https:\/\/agricolagymnasium.de\/wp-content\/uploads\/2026\/03\/Image-10-300x225.jpg 300w, https:\/\/agricolagymnasium.de\/wp-content\/uploads\/2026\/03\/Image-10-768x576.jpg 768w, https:\/\/agricolagymnasium.de\/wp-content\/uploads\/2026\/03\/Image-10-1536x1152.jpg 1536w, https:\/\/agricolagymnasium.de\/wp-content\/uploads\/2026\/03\/Image-10-1320x990.jpg 1320w, https:\/\/agricolagymnasium.de\/wp-content\/uploads\/2026\/03\/Image-10.jpg 2048w\" sizes=\"(max-width: 1024px) 100vw, 1024px\" \/><\/figure>\n\n\n\n<figure class=\"wp-block-image size-large\"><img decoding=\"async\" width=\"768\" height=\"1024\" data-id=\"10447\" src=\"https:\/\/agricolagymnasium.de\/wp-content\/uploads\/2026\/03\/Image-9-768x1024.jpg\" alt=\"\" class=\"wp-image-10447\" srcset=\"https:\/\/agricolagymnasium.de\/wp-content\/uploads\/2026\/03\/Image-9-768x1024.jpg 768w, https:\/\/agricolagymnasium.de\/wp-content\/uploads\/2026\/03\/Image-9-225x300.jpg 225w, https:\/\/agricolagymnasium.de\/wp-content\/uploads\/2026\/03\/Image-9-1152x1536.jpg 1152w, https:\/\/agricolagymnasium.de\/wp-content\/uploads\/2026\/03\/Image-9-1320x1760.jpg 1320w, https:\/\/agricolagymnasium.de\/wp-content\/uploads\/2026\/03\/Image-9.jpg 1536w\" sizes=\"(max-width: 768px) 100vw, 768px\" \/><\/figure>\n\n\n\n<figure class=\"wp-block-image size-large\"><img decoding=\"async\" width=\"1024\" height=\"768\" data-id=\"10445\" src=\"https:\/\/agricolagymnasium.de\/wp-content\/uploads\/2026\/03\/Image-7-1024x768.jpg\" alt=\"\" class=\"wp-image-10445\" srcset=\"https:\/\/agricolagymnasium.de\/wp-content\/uploads\/2026\/03\/Image-7-1024x768.jpg 1024w, https:\/\/agricolagymnasium.de\/wp-content\/uploads\/2026\/03\/Image-7-300x225.jpg 300w, https:\/\/agricolagymnasium.de\/wp-content\/uploads\/2026\/03\/Image-7-768x576.jpg 768w, https:\/\/agricolagymnasium.de\/wp-content\/uploads\/2026\/03\/Image-7-1536x1152.jpg 1536w, https:\/\/agricolagymnasium.de\/wp-content\/uploads\/2026\/03\/Image-7-1320x990.jpg 1320w, https:\/\/agricolagymnasium.de\/wp-content\/uploads\/2026\/03\/Image-7.jpg 2048w\" sizes=\"(max-width: 1024px) 100vw, 1024px\" \/><\/figure>\n\n\n\n<figure class=\"wp-block-image size-large\"><img loading=\"lazy\" decoding=\"async\" width=\"768\" height=\"1024\" data-id=\"10444\" src=\"https:\/\/agricolagymnasium.de\/wp-content\/uploads\/2026\/03\/Image-6-768x1024.jpg\" alt=\"\" class=\"wp-image-10444\" srcset=\"https:\/\/agricolagymnasium.de\/wp-content\/uploads\/2026\/03\/Image-6-768x1024.jpg 768w, https:\/\/agricolagymnasium.de\/wp-content\/uploads\/2026\/03\/Image-6-225x300.jpg 225w, https:\/\/agricolagymnasium.de\/wp-content\/uploads\/2026\/03\/Image-6-1152x1536.jpg 1152w, https:\/\/agricolagymnasium.de\/wp-content\/uploads\/2026\/03\/Image-6-1320x1760.jpg 1320w, https:\/\/agricolagymnasium.de\/wp-content\/uploads\/2026\/03\/Image-6.jpg 1536w\" sizes=\"(max-width: 768px) 100vw, 768px\" \/><\/figure>\n<\/figure>\n","protected":false},"excerpt":{"rendered":"<p>Am Wochenende vom 13. auf den 14. M\u00e4rz 2026 fand unsere diesj\u00e4hrige Bandnacht statt und sie war einfach nur genial! Alles begann am Freitag, den 13. M\u00e4rz, gegen 16 Uhr. Wir haben uns nach dem Unterricht getroffen; die Instrumente haben wir den Tag davor schon aufgebaut (Der Sound war genial). Danach ging es auch schon [&hellip;]<\/p>\n","protected":false},"author":30,"featured_media":10444,"comment_status":"closed","ping_status":"closed","sticky":false,"template":"","format":"standard","meta":{"_price":"","_stock":"","_tribe_ticket_header":"","_tribe_default_ticket_provider":"","_tribe_ticket_capacity":"","_ticket_start_date":"","_ticket_end_date":"","_tribe_ticket_show_description":"","_tribe_ticket_show_not_going":false,"_tribe_ticket_use_global_stock":"","_tribe_ticket_global_stock_level":"","_global_stock_mode":"","_global_stock_cap":"","_tribe_rsvp_for_event":"","_tribe_ticket_going_count":"","_tribe_ticket_not_going_count":"","_tribe_tickets_list":"[]","_tribe_ticket_has_attendee_info_fields":false,"footnotes":""},"categories":[4],"tags":[],"class_list":["post-10442","post","type-post","status-publish","format-standard","has-post-thumbnail","hentry","category-neuigkeiten"],"_links":{"self":[{"href":"https:\/\/agricolagymnasium.de\/index.php?rest_route=\/wp\/v2\/posts\/10442","targetHints":{"allow":["GET"]}}],"collection":[{"href":"https:\/\/agricolagymnasium.de\/index.php?rest_route=\/wp\/v2\/posts"}],"about":[{"href":"https:\/\/agricolagymnasium.de\/index.php?rest_route=\/wp\/v2\/types\/post"}],"author":[{"embeddable":true,"href":"https:\/\/agricolagymnasium.de\/index.php?rest_route=\/wp\/v2\/users\/30"}],"replies":[{"embeddable":true,"href":"https:\/\/agricolagymnasium.de\/index.php?rest_route=%2Fwp%2Fv2%2Fcomments&post=10442"}],"version-history":[{"count":1,"href":"https:\/\/agricolagymnasium.de\/index.php?rest_route=\/wp\/v2\/posts\/10442\/revisions"}],"predecessor-version":[{"id":10449,"href":"https:\/\/agricolagymnasium.de\/index.php?rest_route=\/wp\/v2\/posts\/10442\/revisions\/10449"}],"wp:featuredmedia":[{"embeddable":true,"href":"https:\/\/agricolagymnasium.de\/index.php?rest_route=\/wp\/v2\/media\/10444"}],"wp:attachment":[{"href":"https:\/\/agricolagymnasium.de\/index.php?rest_route=%2Fwp%2Fv2%2Fmedia&parent=10442"}],"wp:term":[{"taxonomy":"category","embeddable":true,"href":"https:\/\/agricolagymnasium.de\/index.php?rest_route=%2Fwp%2Fv2%2Fcategories&post=10442"},{"taxonomy":"post_tag","embeddable":true,"href":"https:\/\/agricolagymnasium.de\/index.php?rest_route=%2Fwp%2Fv2%2Ftags&post=10442"}],"curies":[{"name":"wp","href":"https:\/\/api.w.org\/{rel}","templated":true}]}}